{"id":851,"date":"2024-11-25T15:50:16","date_gmt":"2024-11-25T21:50:16","guid":{"rendered":"https:\/\/ce-monarca.com\/blog\/?p=851"},"modified":"2024-11-25T15:56:25","modified_gmt":"2024-11-25T21:56:25","slug":"el-misterio-de-la-estrella-perdida","status":"publish","type":"post","link":"https:\/\/ce-monarca.com\/blog\/el-misterio-de-la-estrella-perdida\/","title":{"rendered":"El Misterio de la Estrella Perdida"},"content":{"rendered":"\n<p>El paso tan r\u00e1pido del tiempo es algo que no deja de maravillarnos&#8230; \u00a1No podemos creer que ya estamos casi listos para nuestro Festival Navide\u00f1o 2024!<br><br>Este a\u00f1o estamos muy emocionados por presentarles <strong><em>El Misterio de la Estrella Perdida<\/em><\/strong>, una obra de la autora coreogr\u00e1fica Carmen P\u00e9rez Dom\u00ednguez. Una pieza teatral significativa, llena de magia y emoci\u00f3n, que resuena con el esp\u00edritu de la Navidad y nos har\u00e1 recordar aquellos valores que nos unen.<br>Toda la comunidad de Monarca est\u00e1 haciendo su mejor esfuerzo para que este sea un evento bell\u00edsimo y digno de recordar.<br><strong><em>El Misterio de la Estrella <\/em><\/strong><em><strong>Perdida<\/strong><\/em> es una obra llena de detalles que la hacen \u00fanica, y mientras nosotros nos preparamos de este lado, queremos que mam\u00e1 y pap\u00e1 tambi\u00e9n lo hagan desde casa conociendo un poquito m\u00e1s sobre esta puesta en escena para que sepan exactamente d\u00f3nde mirar.<br><\/p>\n\n\n\n<figure class=\"wp-block-image aligncenter size-large is-resized\"><img loading=\"lazy\" decoding=\"async\" width=\"1024\" height=\"983\" src=\"https:\/\/ce-monarca.com\/blog\/wp-content\/uploads\/2024\/11\/Estrella-1-scaled-e1732571594709-1024x983.jpg\" alt=\"\" class=\"wp-image-859\" style=\"width:435px;height:auto\" srcset=\"https:\/\/ce-monarca.com\/blog\/wp-content\/uploads\/2024\/11\/Estrella-1-scaled-e1732571594709-980x551.jpg 980w, https:\/\/ce-monarca.com\/blog\/wp-content\/uploads\/2024\/11\/Estrella-1-scaled-e1732571594709-480x270.jpg 480w\" sizes=\"(min-width: 0px) and (max-width: 480px) 480px, (min-width: 481px) and (max-width: 980px) 980px, (min-width: 981px) 1024px, 100vw\" \/><\/figure>\n\n\n\n<p class=\"has-text-align-left\"><br>En este relato, conoceremos la historia de una peque\u00f1a villa, Villa Esperanza, que inesperadamente pierde su Estrella de Plata y, con ella, un s\u00edmbolo de esperanza y unidad que forma gran parte de su identidad como comunidad.<br>Llenos de preguntas, y de la mano de la detective Lupita Salazar, todo el pueblo de Villa Esperanza develar\u00e1 los secretos y pistas escondidas en los rincones de este precioso relato.&nbsp; Mientras la trama se desenvuelve con los alumnos de 4to grado, observaremos a todos los dem\u00e1s integrantes de la comunidad de aprendices representar, a trav\u00e9s del lenguaje del baile, las emociones y sentimientos de los integrantes de Villa Esperanza.<\/p>\n\n\n\n<p class=\"has-text-align-center\">Cada coreograf\u00eda destacar\u00e1 los elementos m\u00e1s importantes a notar dentro de la historia:<\/p>\n\n\n\n<p class=\"has-text-align-center\">Coreograf\u00eda 1. Danza de la preparaci\u00f3n festiva (K1)<br>Coreograf\u00eda 2. Danza de la alegr\u00eda y la esperanza navide\u00f1a (1ro)<br>Coreograf\u00eda 3. Danza de la intriga nocturna (5to grado)<br>Coreograf\u00eda 4. Danza de los fantasmas del pasado (6to grado)<br>CORO- Christmas Canon<br>Coreograf\u00eda 5. Danza de la uni\u00f3n comunitaria (2do grado)<br>Coreograf\u00eda 6. Danza de la luz y la oscuridad (3er grado)<br>Comunidad Infantil- Luci\u00e9rnagas<br>Coreograf\u00eda 7. Danza de la gratitud y la esperanza (K2)<br>Coreograf\u00eda 8. Danza de la reflexi\u00f3n y el renacimiento (K3)<br>CORO- Desde una estrella<br><\/p>\n\n\n\n<figure class=\"wp-block-image aligncenter size-large is-resized\"><img loading=\"lazy\" decoding=\"async\" width=\"1024\" height=\"768\" src=\"https:\/\/ce-monarca.com\/blog\/wp-content\/uploads\/2024\/11\/Estrella-3-1024x768.jpg\" alt=\"\" class=\"wp-image-858\" style=\"width:593px;height:auto\" srcset=\"https:\/\/ce-monarca.com\/blog\/wp-content\/uploads\/2024\/11\/Estrella-3-1024x768.jpg 1024w, https:\/\/ce-monarca.com\/blog\/wp-content\/uploads\/2024\/11\/Estrella-3-980x735.jpg 980w, https:\/\/ce-monarca.com\/blog\/wp-content\/uploads\/2024\/11\/Estrella-3-480x360.jpg 480w\" sizes=\"(min-width: 0px) and (max-width: 480px) 480px, (min-width: 481px) and (max-width: 980px) 980px, (min-width: 981px) 1024px, 100vw\" \/><\/figure>\n\n\n\n<p class=\"has-text-align-left\">Sin duda, este Festival Navide\u00f1o ser\u00e1 una oportunidad \u00fanica para que nuestra comunidad se re\u00fana, celebre y comparta la magia de la Navidad a trav\u00e9s de la expresi\u00f3n art\u00edstica y la creatividad. Nos llena de orgullo ver c\u00f3mo cada alumno, desde los m\u00e1s peque\u00f1os hasta los m\u00e1s grandes, se une para dar vida a una historia tan especial.<br>Acomp\u00e1\u00f1anos el pr\u00f3ximo 28 de noviembre en el Teatro Obrero y s\u00e9 parte del<em> <\/em><strong><em>Misterio de la Estrella Perdida<\/em><\/strong><strong>.<\/strong><strong><br><\/strong><\/p>\n\n\n\n<p class=\"has-text-align-center\"><strong> <\/strong>\u00a1Les esperamos!<\/p>\n\n\n\n<div class=\"wp-block-group alignwide is-layout-constrained wp-block-group-is-layout-constrained\">\n<div class=\"wp-block-columns alignwide is-layout-flex wp-container-core-columns-is-layout-9d6595d7 wp-block-columns-is-layout-flex\">\n<div class=\"wp-block-column is-layout-flow wp-block-column-is-layout-flow\" style=\"flex-basis:100%\"><\/div>\n<\/div>\n<\/div>\n","protected":false},"excerpt":{"rendered":"<p>El paso tan r\u00e1pido del tiempo es algo que no deja de maravillarnos&#8230; \u00a1No podemos creer que ya estamos casi listos para nuestro Festival Navide\u00f1o 2024! Este a\u00f1o estamos muy emocionados por presentarles El Misterio de la Estrella Perdida, una obra de la autora coreogr\u00e1fica Carmen P\u00e9rez Dom\u00ednguez. Una pieza teatral significativa, llena de magia [&hellip;]<\/p>\n","protected":false},"author":4,"featured_media":857,"comment_status":"open","ping_status":"open","sticky":false,"template":"","format":"standard","meta":{"_et_pb_use_builder":"off","_et_pb_old_content":"<!-- wp:paragraph -->\n<p>El paso tan r\u00e1pido del tiempo es algo que no deja de maravillarnos... \u00a1No podemos creer que ya estamos casi listos para nuestro Festival Navide\u00f1o 2024! <br><br><br><br>Y mientras nosotros lo hacemos de este lado, queremos que mam\u00e1 y pap\u00e1 tambi\u00e9n lo hagan desde casa.<br>Este a\u00f1o presentaremos El Misterio de la Estrella Perdida, una obra de la autora coreogr\u00e1fica Carmen P\u00e9rez Dom\u00ednguez, es una pieza teatral significativa que resuena con el esp\u00edritu de la Navidad y con la importancia de los valores que unen a una comunidad.<\/p>\n<!-- \/wp:paragraph -->\n\n<!-- wp:paragraph -->\n<p>en la que se cuenta la historia de una peque\u00f1a villa, Villa Esperanza, que pierde su Estrella de Plata (\"\u00a1En plena Navidad!\"), un s\u00edmbolo de esperanza y unidad y una gran parte de su identidad como comunidad. <br><\/p>\n<!-- \/wp:paragraph -->\n\n<!-- wp:paragraph -->\n<p>Seguiremos la historia de mano de la detective Lupita Salazar y todo el pueblo de Villa Esperanza, interpretados por los alumnos de 4to grado, quienes nos acompa\u00f1ar\u00e1n a buscar en los detalles las pistas que nos guiar\u00e1n al paradero de la Estrella de Plata. <br>Mientras resolvemos todos los misterios con 4to grado, todos los dem\u00e1s ni\u00f1os nos representar\u00e1n a trav\u00e9s del lenguaje del baile las emociones y sentimientos de los integrantes de Villa Esperanza a lo largo de la historia. <br><br>Viviremos a trav\u00e9s de ellos <br><br>Coreograf\u00eda 1. Danza de la preparaci\u00f3n festiva (K1) <br>Coreograf\u00eda 2. Danza de la alegr\u00eda y la esperanza navide\u00f1a (1ro) <br>Coreograf\u00eda 3. Danza de la intriga nocturna (5to grado) <br>Coreograf\u00eda 4. Danza de los fantasmas del pasado (6to grado) <br>CORO<br>Coreograf\u00eda 5. Danza de la uni\u00f3n comunitaria (2do grado) <br>Coreograf\u00eda 6. Danza de la luz y la oscuridad (3er grado) <br>Comunidad Infantil<br>Coreograf\u00eda 7. Danza de la gratitud y la esperanza (K2)<br>Coreograf\u00eda 8. Danza de la reflexi\u00f3n y el renacimiento (K3)<br>CORO<\/p>\n<!-- \/wp:paragraph -->","_et_gb_content_width":"","episode_type":"","audio_file":"","cover_image":"","cover_image_id":"","duration":"","filesize":"","date_recorded":"","explicit":"","block":"","itunes_episode_number":"","itunes_title":"","itunes_season_number":"","itunes_episode_type":"","filesize_raw":"","footnotes":""},"categories":[1],"tags":[],"class_list":["post-851","post","type-post","status-publish","format-standard","has-post-thumbnail","hentry","category-noticias"],"_links":{"self":[{"href":"https:\/\/ce-monarca.com\/blog\/wp-json\/wp\/v2\/posts\/851","targetHints":{"allow":["GET"]}}],"collection":[{"href":"https:\/\/ce-monarca.com\/blog\/wp-json\/wp\/v2\/posts"}],"about":[{"href":"https:\/\/ce-monarca.com\/blog\/wp-json\/wp\/v2\/types\/post"}],"author":[{"embeddable":true,"href":"https:\/\/ce-monarca.com\/blog\/wp-json\/wp\/v2\/users\/4"}],"replies":[{"embeddable":true,"href":"https:\/\/ce-monarca.com\/blog\/wp-json\/wp\/v2\/comments?post=851"}],"version-history":[{"count":6,"href":"https:\/\/ce-monarca.com\/blog\/wp-json\/wp\/v2\/posts\/851\/revisions"}],"predecessor-version":[{"id":864,"href":"https:\/\/ce-monarca.com\/blog\/wp-json\/wp\/v2\/posts\/851\/revisions\/864"}],"wp:featuredmedia":[{"embeddable":true,"href":"https:\/\/ce-monarca.com\/blog\/wp-json\/wp\/v2\/media\/857"}],"wp:attachment":[{"href":"https:\/\/ce-monarca.com\/blog\/wp-json\/wp\/v2\/media?parent=851"}],"wp:term":[{"taxonomy":"category","embeddable":true,"href":"https:\/\/ce-monarca.com\/blog\/wp-json\/wp\/v2\/categories?post=851"},{"taxonomy":"post_tag","embeddable":true,"href":"https:\/\/ce-monarca.com\/blog\/wp-json\/wp\/v2\/tags?post=851"}],"curies":[{"name":"wp","href":"https:\/\/api.w.org\/{rel}","templated":true}]}}